{"id":4382,"date":"2024-11-29T14:43:22","date_gmt":"2024-11-29T12:43:22","guid":{"rendered":"https:\/\/swissecodent.ro\/?p=4382"},"modified":"2025-08-20T10:39:00","modified_gmt":"2025-08-20T07:39:00","slug":"un-studiu-demonstreaza-legatura-dintre-sanatatea-mintala-si-sanatatea-oralav","status":"publish","type":"post","link":"https:\/\/swissecodent.ro\/de\/un-studiu-demonstreaza-legatura-dintre-sanatatea-mintala-si-sanatatea-oralav\/","title":{"rendered":"Studie zeigt Zusammenhang zwischen psychischer Gesundheit und Mundgesundheit"},"content":{"rendered":"<p>Das CareQuest Institute for Oral Health ist eine nationale Non-Profit-Organisation, die sich auf die Schaffung eines besser zug\u00e4nglichen, gerechteren und integrierten Mundgesundheitssystems konzentriert. Es ver\u00f6ffentlichte einen neuen Bericht auf der <strong>Monat des Bewusstseins f\u00fcr psychische Gesundheit<\/strong>, die den wachsenden Zusammenhang zwischen psychischer Gesundheit und Mundgesundheit hervorhebt.<\/p>\n\n\n\n<p>\u201eDie Verbesserung der Stimmung der Patienten wird deutlich, wenn zahnmedizinische Probleme gel\u00f6st werden. Die gr\u00f6\u00dfte berufliche Befriedigung ist das L\u00e4cheln, mit dem die Patienten am Ende der Behandlung die Praxis verlassen.\u201d Dr. Christian Marmandiu, <a href=\"https:\/\/swissecodent.ro\/de\/\">schweizer Ecodent-Clinic<\/a>\u00a0<\/p>\n\n\n\n<p>Der neue Bericht, der auf umfangreichen Forschungsergebnissen der CareQuest-Studie des CareQuest-Instituts beruht, tr\u00e4gt den Titel <em>Mundgesundheitsgerechtigkeit in Amerika im Jahr 2022<\/em>, sowie andere wichtige Literatur heben 8 Ergebnisse hervor, die zeigen, wie die Mundgesundheit mit der psychischen Gesundheit zusammenh\u00e4ngt. So stehen beispielsweise Depressionen in direktem Zusammenhang mit schlechter Mundhygiene, zu wenigen Zahnarztbesuchen und anderen Problemen der Mundgesundheit.<\/p>\n\n\n\n<p>\u201eEs ist bekannt, dass Depressionen sowohl das Wohlbefinden als auch die allgemeine Funktionsf\u00e4higkeit des K\u00f6rpers erheblich beeintr\u00e4chtigen k\u00f6nnen\u201d, sagt Dr. Myechia Minter-Jordan, Pr\u00e4sidentin und CEO des CareQuest Oral Health Institute.<\/p>\n\n\n\n<p>\u201eW\u00e4hrend des Monats des Bewusstseins f\u00fcr psychische Gesundheit pr\u00e4sentieren wir eine Vielzahl von Forschungsergebnissen, die zeigen, dass unser emotionaler Zustand auch mit unserem oralen Zustand korreliert und warum es so wichtig ist, die Mundgesundheit in allgemeine Gesundheitsstrategien zu integrieren.\u201d<\/p>\n\n\n\n<p>Zu den acht Erkenntnissen des CareQuest-Instituts sowie anderer ma\u00dfgeblicher Literatur geh\u00f6ren:<\/p>\n\n\n\n<ol class=\"wp-block-list\">\n<li>Erwachsene, die schwer depressiv sind, geben doppelt so h\u00e4ufig an, dass sie an einem Tag mindestens zweimal auf das Z\u00e4hneputzen verzichten.<\/li>\n\n\n\n<li>Depressive Erwachsene geben an, deutlich weniger Zahnseide zu benutzen als nicht depressive Erwachsene.<\/li>\n\n\n\n<li>Erwachsene mit Depressionen nehmen deutlich weniger Zahnarzttermine wahr als Menschen ohne Depressionen.<\/li>\n\n\n\n<li>Erwachsene mit schlechtem Gesundheitszustand (einschlie\u00dflich Depressionen) neigen zu einem oder mehreren unerf\u00fcllten zahnmedizinischen Bed\u00fcrfnissen und sind weniger geneigt, daf\u00fcr Hilfe zu suchen.<\/li>\n\n\n\n<li>Depressionen werden mit einer hohen Kariesrate in Verbindung gebracht.<\/li>\n\n\n\n<li>Zahnfleischerkrankungen (Parodontitis) werden mit h\u00f6heren Depressionswerten in Verbindung gebracht.<\/li>\n\n\n\n<li>Menschen mit Kiefergelenksproblemen - d. h. chronischen Schmerzen im Gesicht und im Kiefer - weisen h\u00f6here Depressionswerte auf als Menschen ohne Kiefergelenksprobleme.<\/li>\n\n\n\n<li>Junge Erwachsene mit einer Vorgeschichte von Depressionen werden nach der Entfernung eines Weisheitszahns eher mit Bet\u00e4ubungsmitteln behandelt als solche ohne Depressionen.<\/li>\n<\/ol>\n\n\n\n<p><\/p>","protected":false},"excerpt":{"rendered":"<p>Institutul CareQuest pentru S\u0103n\u0103tate Oral\u0103 este un organism na\u021bional non-profit de excelen\u021b\u0103, axat pe crearea unui sistem mai accesibil, echitabil \u0219i integrat privind s\u0103n\u0103tatea oral\u0103. Acesta a publicat un nou raport \u00een cadrul evenimentului Luna Con\u0219tientiz\u0103rii S\u0103n\u0103t\u0103\u021bii Mentale, \u00een care se eviden\u021biaz\u0103 leg\u0103tura, \u00een continu\u0103 dezvoltare, \u00eentre s\u0103n\u0103tatea mental\u0103 \u0219i s\u0103n\u0103tatea oral\u0103. \u201e\u00cembun\u0103t\u0103\u021birea st\u0103rii de &hellip; <a href=\"https:\/\/swissecodent.ro\/de\/un-studiu-demonstreaza-legatura-dintre-sanatatea-mintala-si-sanatatea-oralav\/\" class=\"more-link\">Lesen Sie weiter <span class=\"screen-reader-text\">Studie zeigt Zusammenhang zwischen psychischer Gesundheit und Mundgesundheit<\/span><\/a><\/p>","protected":false},"author":2,"featured_media":4379,"comment_status":"closed","ping_status":"closed","sticky":false,"template":"","format":"standard","meta":{"footnotes":""},"categories":[1],"tags":[],"class_list":["post-4382","post","type-post","status-publish","format-standard","has-post-thumbnail","hentry","category-preventie"],"yoast_head":"<!-- This site is optimized with the Yoast SEO plugin v25.3 - https:\/\/yoast.com\/wordpress\/plugins\/seo\/ -->\n<title>Un studiu demonstreaz\u0103 leg\u0103tura dintre s\u0103n\u0103tatea mintal\u0103 \u0219i s\u0103n\u0103tatea oral\u0103 - Swiss Ecodent<\/title>\n<meta name=\"robots\" content=\"index, follow, max-snippet:-1, max-image-preview:large, max-video-preview:-1\" \/>\n<link rel=\"canonical\" href=\"https:\/\/swissecodent.ro\/de\/un-studiu-demonstreaza-legatura-dintre-sanatatea-mintala-si-sanatatea-oralav\/\" \/>\n<meta property=\"og:locale\" content=\"de_DE\" \/>\n<meta property=\"og:type\" content=\"article\" \/>\n<meta property=\"og:title\" content=\"Un studiu demonstreaz\u0103 leg\u0103tura dintre s\u0103n\u0103tatea mintal\u0103 \u0219i s\u0103n\u0103tatea oral\u0103 - Swiss Ecodent\" \/>\n<meta property=\"og:description\" content=\"Institutul CareQuest pentru S\u0103n\u0103tate Oral\u0103 este un organism na\u021bional non-profit de excelen\u021b\u0103, axat pe crearea unui sistem mai accesibil, echitabil \u0219i integrat privind s\u0103n\u0103tatea oral\u0103. Acesta a publicat un nou raport \u00een cadrul evenimentului Luna Con\u0219tientiz\u0103rii S\u0103n\u0103t\u0103\u021bii Mentale, \u00een care se eviden\u021biaz\u0103 leg\u0103tura, \u00een continu\u0103 dezvoltare, \u00eentre s\u0103n\u0103tatea mental\u0103 \u0219i s\u0103n\u0103tatea oral\u0103. \u201e\u00cembun\u0103t\u0103\u021birea st\u0103rii de &hellip; Continue reading Un studiu demonstreaz\u0103 leg\u0103tura dintre s\u0103n\u0103tatea mintal\u0103 \u0219i s\u0103n\u0103tatea oral\u0103\" \/>\n<meta property=\"og:url\" content=\"https:\/\/swissecodent.ro\/de\/un-studiu-demonstreaza-legatura-dintre-sanatatea-mintala-si-sanatatea-oralav\/\" \/>\n<meta property=\"og:site_name\" content=\"Swiss Ecodent\" \/>\n<meta property=\"article:publisher\" content=\"https:\/\/www.facebook.com\/SwissEcodent\" \/>\n<meta property=\"article:published_time\" content=\"2024-11-29T12:43:22+00:00\" \/>\n<meta property=\"article:modified_time\" content=\"2025-08-20T07:39:00+00:00\" \/>\n<meta property=\"og:image\" content=\"https:\/\/swissecodent.ro\/wp-content\/uploads\/2018\/11\/Swiss-Ecodent.jpg\" \/>\n\t<meta property=\"og:image:width\" content=\"1279\" \/>\n\t<meta property=\"og:image:height\" content=\"853\" \/>\n\t<meta property=\"og:image:type\" content=\"image\/jpeg\" \/>\n<meta name=\"author\" content=\"Amarii Sebi\" \/>\n<meta name=\"twitter:card\" content=\"summary_large_image\" \/>\n<meta name=\"twitter:label1\" content=\"Verfasst von\" \/>\n\t<meta name=\"twitter:data1\" content=\"Amarii Sebi\" \/>\n\t<meta name=\"twitter:label2\" content=\"Gesch\u00e4tzte Lesezeit\" \/>\n\t<meta name=\"twitter:data2\" content=\"3\u00a0Minuten\" \/>\n<script type=\"application\/ld+json\" class=\"yoast-schema-graph\">{\"@context\":\"https:\/\/schema.org\",\"@graph\":[{\"@type\":\"Article\",\"@id\":\"https:\/\/swissecodent.ro\/un-studiu-demonstreaza-legatura-dintre-sanatatea-mintala-si-sanatatea-oralav\/#article\",\"isPartOf\":{\"@id\":\"https:\/\/swissecodent.ro\/un-studiu-demonstreaza-legatura-dintre-sanatatea-mintala-si-sanatatea-oralav\/\"},\"author\":{\"name\":\"Amarii Sebi\",\"@id\":\"https:\/\/swissecodent.ro\/#\/schema\/person\/e95b5be2b2ec370a0ce1a7d374bd2fb7\"},\"headline\":\"Un studiu demonstreaz\u0103 leg\u0103tura dintre s\u0103n\u0103tatea mintal\u0103 \u0219i s\u0103n\u0103tatea oral\u0103\",\"datePublished\":\"2024-11-29T12:43:22+00:00\",\"dateModified\":\"2025-08-20T07:39:00+00:00\",\"mainEntityOfPage\":{\"@id\":\"https:\/\/swissecodent.ro\/un-studiu-demonstreaza-legatura-dintre-sanatatea-mintala-si-sanatatea-oralav\/\"},\"wordCount\":548,\"publisher\":{\"@id\":\"https:\/\/swissecodent.ro\/#organization\"},\"image\":{\"@id\":\"https:\/\/swissecodent.ro\/un-studiu-demonstreaza-legatura-dintre-sanatatea-mintala-si-sanatatea-oralav\/#primaryimage\"},\"thumbnailUrl\":\"https:\/\/swissecodent.ro\/wp-content\/uploads\/2018\/11\/Swiss-Ecodent.jpg\",\"articleSection\":[\"Preven\u021bie\"],\"inLanguage\":\"de\"},{\"@type\":\"WebPage\",\"@id\":\"https:\/\/swissecodent.ro\/un-studiu-demonstreaza-legatura-dintre-sanatatea-mintala-si-sanatatea-oralav\/\",\"url\":\"https:\/\/swissecodent.ro\/un-studiu-demonstreaza-legatura-dintre-sanatatea-mintala-si-sanatatea-oralav\/\",\"name\":\"Un studiu demonstreaz\u0103 leg\u0103tura dintre s\u0103n\u0103tatea mintal\u0103 \u0219i s\u0103n\u0103tatea oral\u0103 - Swiss Ecodent\",\"isPartOf\":{\"@id\":\"https:\/\/swissecodent.ro\/#website\"},\"primaryImageOfPage\":{\"@id\":\"https:\/\/swissecodent.ro\/un-studiu-demonstreaza-legatura-dintre-sanatatea-mintala-si-sanatatea-oralav\/#primaryimage\"},\"image\":{\"@id\":\"https:\/\/swissecodent.ro\/un-studiu-demonstreaza-legatura-dintre-sanatatea-mintala-si-sanatatea-oralav\/#primaryimage\"},\"thumbnailUrl\":\"https:\/\/swissecodent.ro\/wp-content\/uploads\/2018\/11\/Swiss-Ecodent.jpg\",\"datePublished\":\"2024-11-29T12:43:22+00:00\",\"dateModified\":\"2025-08-20T07:39:00+00:00\",\"breadcrumb\":{\"@id\":\"https:\/\/swissecodent.ro\/un-studiu-demonstreaza-legatura-dintre-sanatatea-mintala-si-sanatatea-oralav\/#breadcrumb\"},\"inLanguage\":\"de\",\"potentialAction\":[{\"@type\":\"ReadAction\",\"target\":[\"https:\/\/swissecodent.ro\/un-studiu-demonstreaza-legatura-dintre-sanatatea-mintala-si-sanatatea-oralav\/\"]}]},{\"@type\":\"ImageObject\",\"inLanguage\":\"de\",\"@id\":\"https:\/\/swissecodent.ro\/un-studiu-demonstreaza-legatura-dintre-sanatatea-mintala-si-sanatatea-oralav\/#primaryimage\",\"url\":\"https:\/\/swissecodent.ro\/wp-content\/uploads\/2018\/11\/Swiss-Ecodent.jpg\",\"contentUrl\":\"https:\/\/swissecodent.ro\/wp-content\/uploads\/2018\/11\/Swiss-Ecodent.jpg\",\"width\":1279,\"height\":853,\"caption\":\"Implantologie clinica Swiss Ecodent\"},{\"@type\":\"BreadcrumbList\",\"@id\":\"https:\/\/swissecodent.ro\/un-studiu-demonstreaza-legatura-dintre-sanatatea-mintala-si-sanatatea-oralav\/#breadcrumb\",\"itemListElement\":[{\"@type\":\"ListItem\",\"position\":1,\"name\":\"Prima pagin\u0103\",\"item\":\"https:\/\/swissecodent.ro\/\"},{\"@type\":\"ListItem\",\"position\":2,\"name\":\"Un studiu demonstreaz\u0103 leg\u0103tura dintre s\u0103n\u0103tatea mintal\u0103 \u0219i s\u0103n\u0103tatea oral\u0103\"}]},{\"@type\":\"WebSite\",\"@id\":\"https:\/\/swissecodent.ro\/#website\",\"url\":\"https:\/\/swissecodent.ro\/\",\"name\":\"Swiss Ecodent\",\"description\":\"Servicii complete de medicin\u0103 dentar\u0103, la standarde elve\u021biene.\",\"publisher\":{\"@id\":\"https:\/\/swissecodent.ro\/#organization\"},\"potentialAction\":[{\"@type\":\"SearchAction\",\"target\":{\"@type\":\"EntryPoint\",\"urlTemplate\":\"https:\/\/swissecodent.ro\/?s={search_term_string}\"},\"query-input\":{\"@type\":\"PropertyValueSpecification\",\"valueRequired\":true,\"valueName\":\"search_term_string\"}}],\"inLanguage\":\"de\"},{\"@type\":\"Organization\",\"@id\":\"https:\/\/swissecodent.ro\/#organization\",\"name\":\"Swiss Ecodent\",\"url\":\"https:\/\/swissecodent.ro\/\",\"logo\":{\"@type\":\"ImageObject\",\"inLanguage\":\"de\",\"@id\":\"https:\/\/swissecodent.ro\/#\/schema\/logo\/image\/\",\"url\":\"https:\/\/swissecodent.ro\/wp-content\/uploads\/2024\/10\/logo-swiss-ecodent.png\",\"contentUrl\":\"https:\/\/swissecodent.ro\/wp-content\/uploads\/2024\/10\/logo-swiss-ecodent.png\",\"width\":912,\"height\":242,\"caption\":\"Swiss Ecodent\"},\"image\":{\"@id\":\"https:\/\/swissecodent.ro\/#\/schema\/logo\/image\/\"},\"sameAs\":[\"https:\/\/www.facebook.com\/SwissEcodent\"]},{\"@type\":\"Person\",\"@id\":\"https:\/\/swissecodent.ro\/#\/schema\/person\/e95b5be2b2ec370a0ce1a7d374bd2fb7\",\"name\":\"Amarii Sebi\",\"image\":{\"@type\":\"ImageObject\",\"inLanguage\":\"de\",\"@id\":\"https:\/\/swissecodent.ro\/#\/schema\/person\/image\/\",\"url\":\"https:\/\/swissecodent.ro\/wp-content\/litespeed\/avatar\/9ea739509a457b476a465524253315c8.jpg?ver=1777294430\",\"contentUrl\":\"https:\/\/swissecodent.ro\/wp-content\/litespeed\/avatar\/9ea739509a457b476a465524253315c8.jpg?ver=1777294430\",\"caption\":\"Amarii Sebi\"},\"url\":\"https:\/\/swissecodent.ro\/de\/author\/sebi\/\"}]}<\/script>\n<!-- \/ Yoast SEO plugin. -->","yoast_head_json":{"title":"Un studiu demonstreaz\u0103 leg\u0103tura dintre s\u0103n\u0103tatea mintal\u0103 \u0219i s\u0103n\u0103tatea oral\u0103 - Swiss Ecodent","robots":{"index":"index","follow":"follow","max-snippet":"max-snippet:-1","max-image-preview":"max-image-preview:large","max-video-preview":"max-video-preview:-1"},"canonical":"https:\/\/swissecodent.ro\/de\/un-studiu-demonstreaza-legatura-dintre-sanatatea-mintala-si-sanatatea-oralav\/","og_locale":"de_DE","og_type":"article","og_title":"Un studiu demonstreaz\u0103 leg\u0103tura dintre s\u0103n\u0103tatea mintal\u0103 \u0219i s\u0103n\u0103tatea oral\u0103 - Swiss Ecodent","og_description":"Institutul CareQuest pentru S\u0103n\u0103tate Oral\u0103 este un organism na\u021bional non-profit de excelen\u021b\u0103, axat pe crearea unui sistem mai accesibil, echitabil \u0219i integrat privind s\u0103n\u0103tatea oral\u0103. Acesta a publicat un nou raport \u00een cadrul evenimentului Luna Con\u0219tientiz\u0103rii S\u0103n\u0103t\u0103\u021bii Mentale, \u00een care se eviden\u021biaz\u0103 leg\u0103tura, \u00een continu\u0103 dezvoltare, \u00eentre s\u0103n\u0103tatea mental\u0103 \u0219i s\u0103n\u0103tatea oral\u0103. \u201e\u00cembun\u0103t\u0103\u021birea st\u0103rii de &hellip; Continue reading Un studiu demonstreaz\u0103 leg\u0103tura dintre s\u0103n\u0103tatea mintal\u0103 \u0219i s\u0103n\u0103tatea oral\u0103","og_url":"https:\/\/swissecodent.ro\/de\/un-studiu-demonstreaza-legatura-dintre-sanatatea-mintala-si-sanatatea-oralav\/","og_site_name":"Swiss Ecodent","article_publisher":"https:\/\/www.facebook.com\/SwissEcodent","article_published_time":"2024-11-29T12:43:22+00:00","article_modified_time":"2025-08-20T07:39:00+00:00","og_image":[{"width":1279,"height":853,"url":"https:\/\/swissecodent.ro\/wp-content\/uploads\/2018\/11\/Swiss-Ecodent.jpg","type":"image\/jpeg"}],"author":"Amarii Sebi","twitter_card":"summary_large_image","twitter_misc":{"Verfasst von":"Amarii Sebi","Gesch\u00e4tzte Lesezeit":"3\u00a0Minuten"},"schema":{"@context":"https:\/\/schema.org","@graph":[{"@type":"Article","@id":"https:\/\/swissecodent.ro\/un-studiu-demonstreaza-legatura-dintre-sanatatea-mintala-si-sanatatea-oralav\/#article","isPartOf":{"@id":"https:\/\/swissecodent.ro\/un-studiu-demonstreaza-legatura-dintre-sanatatea-mintala-si-sanatatea-oralav\/"},"author":{"name":"Amarii Sebi","@id":"https:\/\/swissecodent.ro\/#\/schema\/person\/e95b5be2b2ec370a0ce1a7d374bd2fb7"},"headline":"Un studiu demonstreaz\u0103 leg\u0103tura dintre s\u0103n\u0103tatea mintal\u0103 \u0219i s\u0103n\u0103tatea oral\u0103","datePublished":"2024-11-29T12:43:22+00:00","dateModified":"2025-08-20T07:39:00+00:00","mainEntityOfPage":{"@id":"https:\/\/swissecodent.ro\/un-studiu-demonstreaza-legatura-dintre-sanatatea-mintala-si-sanatatea-oralav\/"},"wordCount":548,"publisher":{"@id":"https:\/\/swissecodent.ro\/#organization"},"image":{"@id":"https:\/\/swissecodent.ro\/un-studiu-demonstreaza-legatura-dintre-sanatatea-mintala-si-sanatatea-oralav\/#primaryimage"},"thumbnailUrl":"https:\/\/swissecodent.ro\/wp-content\/uploads\/2018\/11\/Swiss-Ecodent.jpg","articleSection":["Preven\u021bie"],"inLanguage":"de"},{"@type":"WebPage","@id":"https:\/\/swissecodent.ro\/un-studiu-demonstreaza-legatura-dintre-sanatatea-mintala-si-sanatatea-oralav\/","url":"https:\/\/swissecodent.ro\/un-studiu-demonstreaza-legatura-dintre-sanatatea-mintala-si-sanatatea-oralav\/","name":"Un studiu demonstreaz\u0103 leg\u0103tura dintre s\u0103n\u0103tatea mintal\u0103 \u0219i s\u0103n\u0103tatea oral\u0103 - Swiss Ecodent","isPartOf":{"@id":"https:\/\/swissecodent.ro\/#website"},"primaryImageOfPage":{"@id":"https:\/\/swissecodent.ro\/un-studiu-demonstreaza-legatura-dintre-sanatatea-mintala-si-sanatatea-oralav\/#primaryimage"},"image":{"@id":"https:\/\/swissecodent.ro\/un-studiu-demonstreaza-legatura-dintre-sanatatea-mintala-si-sanatatea-oralav\/#primaryimage"},"thumbnailUrl":"https:\/\/swissecodent.ro\/wp-content\/uploads\/2018\/11\/Swiss-Ecodent.jpg","datePublished":"2024-11-29T12:43:22+00:00","dateModified":"2025-08-20T07:39:00+00:00","breadcrumb":{"@id":"https:\/\/swissecodent.ro\/un-studiu-demonstreaza-legatura-dintre-sanatatea-mintala-si-sanatatea-oralav\/#breadcrumb"},"inLanguage":"de","potentialAction":[{"@type":"ReadAction","target":["https:\/\/swissecodent.ro\/un-studiu-demonstreaza-legatura-dintre-sanatatea-mintala-si-sanatatea-oralav\/"]}]},{"@type":"ImageObject","inLanguage":"de","@id":"https:\/\/swissecodent.ro\/un-studiu-demonstreaza-legatura-dintre-sanatatea-mintala-si-sanatatea-oralav\/#primaryimage","url":"https:\/\/swissecodent.ro\/wp-content\/uploads\/2018\/11\/Swiss-Ecodent.jpg","contentUrl":"https:\/\/swissecodent.ro\/wp-content\/uploads\/2018\/11\/Swiss-Ecodent.jpg","width":1279,"height":853,"caption":"Implantologie clinica Swiss Ecodent"},{"@type":"BreadcrumbList","@id":"https:\/\/swissecodent.ro\/un-studiu-demonstreaza-legatura-dintre-sanatatea-mintala-si-sanatatea-oralav\/#breadcrumb","itemListElement":[{"@type":"ListItem","position":1,"name":"Prima pagin\u0103","item":"https:\/\/swissecodent.ro\/"},{"@type":"ListItem","position":2,"name":"Un studiu demonstreaz\u0103 leg\u0103tura dintre s\u0103n\u0103tatea mintal\u0103 \u0219i s\u0103n\u0103tatea oral\u0103"}]},{"@type":"WebSite","@id":"https:\/\/swissecodent.ro\/#website","url":"https:\/\/swissecodent.ro\/","name":"Schweizer Ecodent","description":"Umfassende zahn\u00e4rztliche Leistungen nach Schweizer Standard.","publisher":{"@id":"https:\/\/swissecodent.ro\/#organization"},"potentialAction":[{"@type":"SearchAction","target":{"@type":"EntryPoint","urlTemplate":"https:\/\/swissecodent.ro\/?s={search_term_string}"},"query-input":{"@type":"PropertyValueSpecification","valueRequired":true,"valueName":"search_term_string"}}],"inLanguage":"de"},{"@type":"Organization","@id":"https:\/\/swissecodent.ro\/#organization","name":"Schweizer Ecodent","url":"https:\/\/swissecodent.ro\/","logo":{"@type":"ImageObject","inLanguage":"de","@id":"https:\/\/swissecodent.ro\/#\/schema\/logo\/image\/","url":"https:\/\/swissecodent.ro\/wp-content\/uploads\/2024\/10\/logo-swiss-ecodent.png","contentUrl":"https:\/\/swissecodent.ro\/wp-content\/uploads\/2024\/10\/logo-swiss-ecodent.png","width":912,"height":242,"caption":"Swiss Ecodent"},"image":{"@id":"https:\/\/swissecodent.ro\/#\/schema\/logo\/image\/"},"sameAs":["https:\/\/www.facebook.com\/SwissEcodent"]},{"@type":"Person","@id":"https:\/\/swissecodent.ro\/#\/schema\/person\/e95b5be2b2ec370a0ce1a7d374bd2fb7","name":"Sebi Amarii","image":{"@type":"ImageObject","inLanguage":"de","@id":"https:\/\/swissecodent.ro\/#\/schema\/person\/image\/","url":"https:\/\/swissecodent.ro\/wp-content\/litespeed\/avatar\/9ea739509a457b476a465524253315c8.jpg?ver=1777294430","contentUrl":"https:\/\/swissecodent.ro\/wp-content\/litespeed\/avatar\/9ea739509a457b476a465524253315c8.jpg?ver=1777294430","caption":"Amarii Sebi"},"url":"https:\/\/swissecodent.ro\/de\/author\/sebi\/"}]}},"_links":{"self":[{"href":"https:\/\/swissecodent.ro\/de\/wp-json\/wp\/v2\/posts\/4382","targetHints":{"allow":["GET"]}}],"collection":[{"href":"https:\/\/swissecodent.ro\/de\/wp-json\/wp\/v2\/posts"}],"about":[{"href":"https:\/\/swissecodent.ro\/de\/wp-json\/wp\/v2\/types\/post"}],"author":[{"embeddable":true,"href":"https:\/\/swissecodent.ro\/de\/wp-json\/wp\/v2\/users\/2"}],"replies":[{"embeddable":true,"href":"https:\/\/swissecodent.ro\/de\/wp-json\/wp\/v2\/comments?post=4382"}],"version-history":[{"count":3,"href":"https:\/\/swissecodent.ro\/de\/wp-json\/wp\/v2\/posts\/4382\/revisions"}],"predecessor-version":[{"id":4386,"href":"https:\/\/swissecodent.ro\/de\/wp-json\/wp\/v2\/posts\/4382\/revisions\/4386"}],"wp:featuredmedia":[{"embeddable":true,"href":"https:\/\/swissecodent.ro\/de\/wp-json\/wp\/v2\/media\/4379"}],"wp:attachment":[{"href":"https:\/\/swissecodent.ro\/de\/wp-json\/wp\/v2\/media?parent=4382"}],"wp:term":[{"taxonomy":"category","embeddable":true,"href":"https:\/\/swissecodent.ro\/de\/wp-json\/wp\/v2\/categories?post=4382"},{"taxonomy":"post_tag","embeddable":true,"href":"https:\/\/swissecodent.ro\/de\/wp-json\/wp\/v2\/tags?post=4382"}],"curies":[{"name":"wp","href":"https:\/\/api.w.org\/{rel}","templated":true}]}}