{"id":4382,"date":"2024-11-29T14:43:22","date_gmt":"2024-11-29T12:43:22","guid":{"rendered":"https:\/\/swissecodent.ro\/?p=4382"},"modified":"2025-08-20T10:39:00","modified_gmt":"2025-08-20T07:39:00","slug":"un-studiu-demonstreaza-legatura-dintre-sanatatea-mintala-si-sanatatea-oralav","status":"publish","type":"post","link":"https:\/\/swissecodent.ro\/eng\/un-studiu-demonstreaza-legatura-dintre-sanatatea-mintala-si-sanatatea-oralav\/","title":{"rendered":"Study shows link between mental health and oral health"},"content":{"rendered":"<p>The CareQuest Institute for Oral Health is a national nonprofit organization of excellence focused on creating a more accessible, equitable and integrated oral health system. It released a new report at the <strong>Mental Health Awareness Month<\/strong>, highlighting the growing link between mental health and oral health.<\/p>\n\n\n\n<p>\u201eThe improvement in patients\u201d mood becomes evident as dental problems are resolved. Most professionally satisfying is the smile with which patients leave the practice at the end of treatment.\" Dr. Christian Marmandiu, <a href=\"https:\/\/swissecodent.ro\/eng\/\">Swiss Ecodent Clinic<\/a>\u00a0<\/p>\n\n\n\n<p>The new report, which is based on a massive volume of research from the CareQuest Institute's CareQuest study, entitled <em>Oral Health Equity in America in 2022<\/em>, as well as other significant literature, highlights 8 findings showing how oral health is connected to mental health. For example, depression is directly related to poor oral hygiene, too few dental office visits, and other oral health problems.<\/p>\n\n\n\n<p>\u201eIt is known that depression can significantly affect both a person's comfort level and overall body functioning,\u201d says Dr. Myechia Minter-Jordan, President and CEO of CareQuest Oral Health Institute.<\/p>\n\n\n\n<p>\u201eDuring Mental Health Awareness Month, we are presenting a large body of research highlighting that our emotional state is also correlated with our oral state, and why it is so important to integrate oral health into overall health strategies.\u201d<\/p>\n\n\n\n<p>The eight findings from the CareQuest Institute, as well as other expert writing, include:<\/p>\n\n\n\n<ol class=\"wp-block-list\">\n<li>Adults who are severely depressed are twice as likely to report missing brushing at least twice in one day.<\/li>\n\n\n\n<li>Depressed adults report flossing significantly less than non-depressed adults.<\/li>\n\n\n\n<li>Adults who are depressed significantly reduce their dental appointments compared to those who are not depressed.<\/li>\n\n\n\n<li>Adults with poor health (including depression) are prone to one or more unmet dental needs and are less likely to seek help for them.<\/li>\n\n\n\n<li>Depression is associated with high levels of tooth decay.<\/li>\n\n\n\n<li>Gum disease (periodontitis) is associated with higher depression scores.<\/li>\n\n\n\n<li>Depression scores are higher in people with temporomandibular joint problems - i.e. chronic pain in both the face and jaw - compared to those without temporomandibular joint problems.<\/li>\n\n\n\n<li>Young adults with a history of depression are more likely to receive narcotic treatment after having a wisdom molar removed than those without depression.<\/li>\n<\/ol>\n\n\n\n<p><\/p>","protected":false},"excerpt":{"rendered":"<p>CareQuest Institute for Oral Health is a national nonprofit organization of excellence focused on creating a more accessible, equitable and integrated oral health system. It released a new report during Mental Health Awareness Month highlighting the growing link between mental health and oral health. \u201eImproving ... <a href=\"https:\/\/swissecodent.ro\/eng\/un-studiu-demonstreaza-legatura-dintre-sanatatea-mintala-si-sanatatea-oralav\/\" class=\"more-link\">Continue reading <span class=\"screen-reader-text\">Study shows link between mental health and oral health<\/span><\/a><\/p>","protected":false},"author":2,"featured_media":4379,"comment_status":"closed","ping_status":"closed","sticky":false,"template":"","format":"standard","meta":{"footnotes":""},"categories":[1],"tags":[],"class_list":["post-4382","post","type-post","status-publish","format-standard","has-post-thumbnail","hentry","category-preventie"],"yoast_head":"<!-- This site is optimized with the Yoast SEO plugin v25.3 - https:\/\/yoast.com\/wordpress\/plugins\/seo\/ -->\n<title>Un studiu demonstreaz\u0103 leg\u0103tura dintre s\u0103n\u0103tatea mintal\u0103 \u0219i s\u0103n\u0103tatea oral\u0103 - Swiss Ecodent<\/title>\n<meta name=\"robots\" content=\"index, follow, max-snippet:-1, max-image-preview:large, max-video-preview:-1\" \/>\n<link rel=\"canonical\" href=\"https:\/\/swissecodent.ro\/eng\/un-studiu-demonstreaza-legatura-dintre-sanatatea-mintala-si-sanatatea-oralav\/\" \/>\n<meta property=\"og:locale\" content=\"en_US\" \/>\n<meta property=\"og:type\" content=\"article\" \/>\n<meta property=\"og:title\" content=\"Un studiu demonstreaz\u0103 leg\u0103tura dintre s\u0103n\u0103tatea mintal\u0103 \u0219i s\u0103n\u0103tatea oral\u0103 - Swiss Ecodent\" \/>\n<meta property=\"og:description\" content=\"Institutul CareQuest pentru S\u0103n\u0103tate Oral\u0103 este un organism na\u021bional non-profit de excelen\u021b\u0103, axat pe crearea unui sistem mai accesibil, echitabil \u0219i integrat privind s\u0103n\u0103tatea oral\u0103. Acesta a publicat un nou raport \u00een cadrul evenimentului Luna Con\u0219tientiz\u0103rii S\u0103n\u0103t\u0103\u021bii Mentale, \u00een care se eviden\u021biaz\u0103 leg\u0103tura, \u00een continu\u0103 dezvoltare, \u00eentre s\u0103n\u0103tatea mental\u0103 \u0219i s\u0103n\u0103tatea oral\u0103. \u201e\u00cembun\u0103t\u0103\u021birea st\u0103rii de &hellip; Continue reading Un studiu demonstreaz\u0103 leg\u0103tura dintre s\u0103n\u0103tatea mintal\u0103 \u0219i s\u0103n\u0103tatea oral\u0103\" \/>\n<meta property=\"og:url\" content=\"https:\/\/swissecodent.ro\/eng\/un-studiu-demonstreaza-legatura-dintre-sanatatea-mintala-si-sanatatea-oralav\/\" \/>\n<meta property=\"og:site_name\" content=\"Swiss Ecodent\" \/>\n<meta property=\"article:publisher\" content=\"https:\/\/www.facebook.com\/SwissEcodent\" \/>\n<meta property=\"article:published_time\" content=\"2024-11-29T12:43:22+00:00\" \/>\n<meta property=\"article:modified_time\" content=\"2025-08-20T07:39:00+00:00\" \/>\n<meta property=\"og:image\" content=\"https:\/\/swissecodent.ro\/wp-content\/uploads\/2018\/11\/Swiss-Ecodent.jpg\" \/>\n\t<meta property=\"og:image:width\" content=\"1279\" \/>\n\t<meta property=\"og:image:height\" content=\"853\" \/>\n\t<meta property=\"og:image:type\" content=\"image\/jpeg\" \/>\n<meta name=\"author\" content=\"Amarii Sebi\" \/>\n<meta name=\"twitter:card\" content=\"summary_large_image\" \/>\n<meta name=\"twitter:label1\" content=\"Written by\" \/>\n\t<meta name=\"twitter:data1\" content=\"Amarii Sebi\" \/>\n\t<meta name=\"twitter:label2\" content=\"Est. reading time\" \/>\n\t<meta name=\"twitter:data2\" content=\"3 minutes\" \/>\n<script type=\"application\/ld+json\" class=\"yoast-schema-graph\">{\"@context\":\"https:\/\/schema.org\",\"@graph\":[{\"@type\":\"Article\",\"@id\":\"https:\/\/swissecodent.ro\/un-studiu-demonstreaza-legatura-dintre-sanatatea-mintala-si-sanatatea-oralav\/#article\",\"isPartOf\":{\"@id\":\"https:\/\/swissecodent.ro\/un-studiu-demonstreaza-legatura-dintre-sanatatea-mintala-si-sanatatea-oralav\/\"},\"author\":{\"name\":\"Amarii Sebi\",\"@id\":\"https:\/\/swissecodent.ro\/#\/schema\/person\/e95b5be2b2ec370a0ce1a7d374bd2fb7\"},\"headline\":\"Un studiu demonstreaz\u0103 leg\u0103tura dintre s\u0103n\u0103tatea mintal\u0103 \u0219i s\u0103n\u0103tatea oral\u0103\",\"datePublished\":\"2024-11-29T12:43:22+00:00\",\"dateModified\":\"2025-08-20T07:39:00+00:00\",\"mainEntityOfPage\":{\"@id\":\"https:\/\/swissecodent.ro\/un-studiu-demonstreaza-legatura-dintre-sanatatea-mintala-si-sanatatea-oralav\/\"},\"wordCount\":548,\"publisher\":{\"@id\":\"https:\/\/swissecodent.ro\/#organization\"},\"image\":{\"@id\":\"https:\/\/swissecodent.ro\/un-studiu-demonstreaza-legatura-dintre-sanatatea-mintala-si-sanatatea-oralav\/#primaryimage\"},\"thumbnailUrl\":\"https:\/\/swissecodent.ro\/wp-content\/uploads\/2018\/11\/Swiss-Ecodent.jpg\",\"articleSection\":[\"Preven\u021bie\"],\"inLanguage\":\"en-US\"},{\"@type\":\"WebPage\",\"@id\":\"https:\/\/swissecodent.ro\/un-studiu-demonstreaza-legatura-dintre-sanatatea-mintala-si-sanatatea-oralav\/\",\"url\":\"https:\/\/swissecodent.ro\/un-studiu-demonstreaza-legatura-dintre-sanatatea-mintala-si-sanatatea-oralav\/\",\"name\":\"Un studiu demonstreaz\u0103 leg\u0103tura dintre s\u0103n\u0103tatea mintal\u0103 \u0219i s\u0103n\u0103tatea oral\u0103 - Swiss Ecodent\",\"isPartOf\":{\"@id\":\"https:\/\/swissecodent.ro\/#website\"},\"primaryImageOfPage\":{\"@id\":\"https:\/\/swissecodent.ro\/un-studiu-demonstreaza-legatura-dintre-sanatatea-mintala-si-sanatatea-oralav\/#primaryimage\"},\"image\":{\"@id\":\"https:\/\/swissecodent.ro\/un-studiu-demonstreaza-legatura-dintre-sanatatea-mintala-si-sanatatea-oralav\/#primaryimage\"},\"thumbnailUrl\":\"https:\/\/swissecodent.ro\/wp-content\/uploads\/2018\/11\/Swiss-Ecodent.jpg\",\"datePublished\":\"2024-11-29T12:43:22+00:00\",\"dateModified\":\"2025-08-20T07:39:00+00:00\",\"breadcrumb\":{\"@id\":\"https:\/\/swissecodent.ro\/un-studiu-demonstreaza-legatura-dintre-sanatatea-mintala-si-sanatatea-oralav\/#breadcrumb\"},\"inLanguage\":\"en-US\",\"potentialAction\":[{\"@type\":\"ReadAction\",\"target\":[\"https:\/\/swissecodent.ro\/un-studiu-demonstreaza-legatura-dintre-sanatatea-mintala-si-sanatatea-oralav\/\"]}]},{\"@type\":\"ImageObject\",\"inLanguage\":\"en-US\",\"@id\":\"https:\/\/swissecodent.ro\/un-studiu-demonstreaza-legatura-dintre-sanatatea-mintala-si-sanatatea-oralav\/#primaryimage\",\"url\":\"https:\/\/swissecodent.ro\/wp-content\/uploads\/2018\/11\/Swiss-Ecodent.jpg\",\"contentUrl\":\"https:\/\/swissecodent.ro\/wp-content\/uploads\/2018\/11\/Swiss-Ecodent.jpg\",\"width\":1279,\"height\":853,\"caption\":\"Implantologie clinica Swiss Ecodent\"},{\"@type\":\"BreadcrumbList\",\"@id\":\"https:\/\/swissecodent.ro\/un-studiu-demonstreaza-legatura-dintre-sanatatea-mintala-si-sanatatea-oralav\/#breadcrumb\",\"itemListElement\":[{\"@type\":\"ListItem\",\"position\":1,\"name\":\"Prima pagin\u0103\",\"item\":\"https:\/\/swissecodent.ro\/\"},{\"@type\":\"ListItem\",\"position\":2,\"name\":\"Un studiu demonstreaz\u0103 leg\u0103tura dintre s\u0103n\u0103tatea mintal\u0103 \u0219i s\u0103n\u0103tatea oral\u0103\"}]},{\"@type\":\"WebSite\",\"@id\":\"https:\/\/swissecodent.ro\/#website\",\"url\":\"https:\/\/swissecodent.ro\/\",\"name\":\"Swiss Ecodent\",\"description\":\"Servicii complete de medicin\u0103 dentar\u0103, la standarde elve\u021biene.\",\"publisher\":{\"@id\":\"https:\/\/swissecodent.ro\/#organization\"},\"potentialAction\":[{\"@type\":\"SearchAction\",\"target\":{\"@type\":\"EntryPoint\",\"urlTemplate\":\"https:\/\/swissecodent.ro\/?s={search_term_string}\"},\"query-input\":{\"@type\":\"PropertyValueSpecification\",\"valueRequired\":true,\"valueName\":\"search_term_string\"}}],\"inLanguage\":\"en-US\"},{\"@type\":\"Organization\",\"@id\":\"https:\/\/swissecodent.ro\/#organization\",\"name\":\"Swiss Ecodent\",\"url\":\"https:\/\/swissecodent.ro\/\",\"logo\":{\"@type\":\"ImageObject\",\"inLanguage\":\"en-US\",\"@id\":\"https:\/\/swissecodent.ro\/#\/schema\/logo\/image\/\",\"url\":\"https:\/\/swissecodent.ro\/wp-content\/uploads\/2024\/10\/logo-swiss-ecodent.png\",\"contentUrl\":\"https:\/\/swissecodent.ro\/wp-content\/uploads\/2024\/10\/logo-swiss-ecodent.png\",\"width\":912,\"height\":242,\"caption\":\"Swiss Ecodent\"},\"image\":{\"@id\":\"https:\/\/swissecodent.ro\/#\/schema\/logo\/image\/\"},\"sameAs\":[\"https:\/\/www.facebook.com\/SwissEcodent\"]},{\"@type\":\"Person\",\"@id\":\"https:\/\/swissecodent.ro\/#\/schema\/person\/e95b5be2b2ec370a0ce1a7d374bd2fb7\",\"name\":\"Amarii Sebi\",\"image\":{\"@type\":\"ImageObject\",\"inLanguage\":\"en-US\",\"@id\":\"https:\/\/swissecodent.ro\/#\/schema\/person\/image\/\",\"url\":\"https:\/\/swissecodent.ro\/wp-content\/litespeed\/avatar\/9ea739509a457b476a465524253315c8.jpg?ver=1777294430\",\"contentUrl\":\"https:\/\/swissecodent.ro\/wp-content\/litespeed\/avatar\/9ea739509a457b476a465524253315c8.jpg?ver=1777294430\",\"caption\":\"Amarii Sebi\"},\"url\":\"https:\/\/swissecodent.ro\/eng\/author\/sebi\/\"}]}<\/script>\n<!-- \/ Yoast SEO plugin. -->","yoast_head_json":{"title":"Un studiu demonstreaz\u0103 leg\u0103tura dintre s\u0103n\u0103tatea mintal\u0103 \u0219i s\u0103n\u0103tatea oral\u0103 - Swiss Ecodent","robots":{"index":"index","follow":"follow","max-snippet":"max-snippet:-1","max-image-preview":"max-image-preview:large","max-video-preview":"max-video-preview:-1"},"canonical":"https:\/\/swissecodent.ro\/eng\/un-studiu-demonstreaza-legatura-dintre-sanatatea-mintala-si-sanatatea-oralav\/","og_locale":"en_US","og_type":"article","og_title":"Un studiu demonstreaz\u0103 leg\u0103tura dintre s\u0103n\u0103tatea mintal\u0103 \u0219i s\u0103n\u0103tatea oral\u0103 - Swiss Ecodent","og_description":"Institutul CareQuest pentru S\u0103n\u0103tate Oral\u0103 este un organism na\u021bional non-profit de excelen\u021b\u0103, axat pe crearea unui sistem mai accesibil, echitabil \u0219i integrat privind s\u0103n\u0103tatea oral\u0103. Acesta a publicat un nou raport \u00een cadrul evenimentului Luna Con\u0219tientiz\u0103rii S\u0103n\u0103t\u0103\u021bii Mentale, \u00een care se eviden\u021biaz\u0103 leg\u0103tura, \u00een continu\u0103 dezvoltare, \u00eentre s\u0103n\u0103tatea mental\u0103 \u0219i s\u0103n\u0103tatea oral\u0103. \u201e\u00cembun\u0103t\u0103\u021birea st\u0103rii de &hellip; Continue reading Un studiu demonstreaz\u0103 leg\u0103tura dintre s\u0103n\u0103tatea mintal\u0103 \u0219i s\u0103n\u0103tatea oral\u0103","og_url":"https:\/\/swissecodent.ro\/eng\/un-studiu-demonstreaza-legatura-dintre-sanatatea-mintala-si-sanatatea-oralav\/","og_site_name":"Swiss Ecodent","article_publisher":"https:\/\/www.facebook.com\/SwissEcodent","article_published_time":"2024-11-29T12:43:22+00:00","article_modified_time":"2025-08-20T07:39:00+00:00","og_image":[{"width":1279,"height":853,"url":"https:\/\/swissecodent.ro\/wp-content\/uploads\/2018\/11\/Swiss-Ecodent.jpg","type":"image\/jpeg"}],"author":"Amarii Sebi","twitter_card":"summary_large_image","twitter_misc":{"Written by":"Amarii Sebi","Est. reading time":"3 minutes"},"schema":{"@context":"https:\/\/schema.org","@graph":[{"@type":"Article","@id":"https:\/\/swissecodent.ro\/un-studiu-demonstreaza-legatura-dintre-sanatatea-mintala-si-sanatatea-oralav\/#article","isPartOf":{"@id":"https:\/\/swissecodent.ro\/un-studiu-demonstreaza-legatura-dintre-sanatatea-mintala-si-sanatatea-oralav\/"},"author":{"name":"Amarii Sebi","@id":"https:\/\/swissecodent.ro\/#\/schema\/person\/e95b5be2b2ec370a0ce1a7d374bd2fb7"},"headline":"Un studiu demonstreaz\u0103 leg\u0103tura dintre s\u0103n\u0103tatea mintal\u0103 \u0219i s\u0103n\u0103tatea oral\u0103","datePublished":"2024-11-29T12:43:22+00:00","dateModified":"2025-08-20T07:39:00+00:00","mainEntityOfPage":{"@id":"https:\/\/swissecodent.ro\/un-studiu-demonstreaza-legatura-dintre-sanatatea-mintala-si-sanatatea-oralav\/"},"wordCount":548,"publisher":{"@id":"https:\/\/swissecodent.ro\/#organization"},"image":{"@id":"https:\/\/swissecodent.ro\/un-studiu-demonstreaza-legatura-dintre-sanatatea-mintala-si-sanatatea-oralav\/#primaryimage"},"thumbnailUrl":"https:\/\/swissecodent.ro\/wp-content\/uploads\/2018\/11\/Swiss-Ecodent.jpg","articleSection":["Preven\u021bie"],"inLanguage":"en-US"},{"@type":"WebPage","@id":"https:\/\/swissecodent.ro\/un-studiu-demonstreaza-legatura-dintre-sanatatea-mintala-si-sanatatea-oralav\/","url":"https:\/\/swissecodent.ro\/un-studiu-demonstreaza-legatura-dintre-sanatatea-mintala-si-sanatatea-oralav\/","name":"Un studiu demonstreaz\u0103 leg\u0103tura dintre s\u0103n\u0103tatea mintal\u0103 \u0219i s\u0103n\u0103tatea oral\u0103 - Swiss Ecodent","isPartOf":{"@id":"https:\/\/swissecodent.ro\/#website"},"primaryImageOfPage":{"@id":"https:\/\/swissecodent.ro\/un-studiu-demonstreaza-legatura-dintre-sanatatea-mintala-si-sanatatea-oralav\/#primaryimage"},"image":{"@id":"https:\/\/swissecodent.ro\/un-studiu-demonstreaza-legatura-dintre-sanatatea-mintala-si-sanatatea-oralav\/#primaryimage"},"thumbnailUrl":"https:\/\/swissecodent.ro\/wp-content\/uploads\/2018\/11\/Swiss-Ecodent.jpg","datePublished":"2024-11-29T12:43:22+00:00","dateModified":"2025-08-20T07:39:00+00:00","breadcrumb":{"@id":"https:\/\/swissecodent.ro\/un-studiu-demonstreaza-legatura-dintre-sanatatea-mintala-si-sanatatea-oralav\/#breadcrumb"},"inLanguage":"en-US","potentialAction":[{"@type":"ReadAction","target":["https:\/\/swissecodent.ro\/un-studiu-demonstreaza-legatura-dintre-sanatatea-mintala-si-sanatatea-oralav\/"]}]},{"@type":"ImageObject","inLanguage":"en-US","@id":"https:\/\/swissecodent.ro\/un-studiu-demonstreaza-legatura-dintre-sanatatea-mintala-si-sanatatea-oralav\/#primaryimage","url":"https:\/\/swissecodent.ro\/wp-content\/uploads\/2018\/11\/Swiss-Ecodent.jpg","contentUrl":"https:\/\/swissecodent.ro\/wp-content\/uploads\/2018\/11\/Swiss-Ecodent.jpg","width":1279,"height":853,"caption":"Implantologie clinica Swiss Ecodent"},{"@type":"BreadcrumbList","@id":"https:\/\/swissecodent.ro\/un-studiu-demonstreaza-legatura-dintre-sanatatea-mintala-si-sanatatea-oralav\/#breadcrumb","itemListElement":[{"@type":"ListItem","position":1,"name":"Prima pagin\u0103","item":"https:\/\/swissecodent.ro\/"},{"@type":"ListItem","position":2,"name":"Un studiu demonstreaz\u0103 leg\u0103tura dintre s\u0103n\u0103tatea mintal\u0103 \u0219i s\u0103n\u0103tatea oral\u0103"}]},{"@type":"WebSite","@id":"https:\/\/swissecodent.ro\/#website","url":"https:\/\/swissecodent.ro\/","name":"Swiss Ecodent","description":"Comprehensive dental services to Swiss standards.","publisher":{"@id":"https:\/\/swissecodent.ro\/#organization"},"potentialAction":[{"@type":"SearchAction","target":{"@type":"EntryPoint","urlTemplate":"https:\/\/swissecodent.ro\/?s={search_term_string}"},"query-input":{"@type":"PropertyValueSpecification","valueRequired":true,"valueName":"search_term_string"}}],"inLanguage":"en-US"},{"@type":"Organization","@id":"https:\/\/swissecodent.ro\/#organization","name":"Swiss Ecodent","url":"https:\/\/swissecodent.ro\/","logo":{"@type":"ImageObject","inLanguage":"en-US","@id":"https:\/\/swissecodent.ro\/#\/schema\/logo\/image\/","url":"https:\/\/swissecodent.ro\/wp-content\/uploads\/2024\/10\/logo-swiss-ecodent.png","contentUrl":"https:\/\/swissecodent.ro\/wp-content\/uploads\/2024\/10\/logo-swiss-ecodent.png","width":912,"height":242,"caption":"Swiss Ecodent"},"image":{"@id":"https:\/\/swissecodent.ro\/#\/schema\/logo\/image\/"},"sameAs":["https:\/\/www.facebook.com\/SwissEcodent"]},{"@type":"Person","@id":"https:\/\/swissecodent.ro\/#\/schema\/person\/e95b5be2b2ec370a0ce1a7d374bd2fb7","name":"Amarii Sebi","image":{"@type":"ImageObject","inLanguage":"en-US","@id":"https:\/\/swissecodent.ro\/#\/schema\/person\/image\/","url":"https:\/\/swissecodent.ro\/wp-content\/litespeed\/avatar\/9ea739509a457b476a465524253315c8.jpg?ver=1777294430","contentUrl":"https:\/\/swissecodent.ro\/wp-content\/litespeed\/avatar\/9ea739509a457b476a465524253315c8.jpg?ver=1777294430","caption":"Amarii Sebi"},"url":"https:\/\/swissecodent.ro\/eng\/author\/sebi\/"}]}},"_links":{"self":[{"href":"https:\/\/swissecodent.ro\/eng\/wp-json\/wp\/v2\/posts\/4382","targetHints":{"allow":["GET"]}}],"collection":[{"href":"https:\/\/swissecodent.ro\/eng\/wp-json\/wp\/v2\/posts"}],"about":[{"href":"https:\/\/swissecodent.ro\/eng\/wp-json\/wp\/v2\/types\/post"}],"author":[{"embeddable":true,"href":"https:\/\/swissecodent.ro\/eng\/wp-json\/wp\/v2\/users\/2"}],"replies":[{"embeddable":true,"href":"https:\/\/swissecodent.ro\/eng\/wp-json\/wp\/v2\/comments?post=4382"}],"version-history":[{"count":3,"href":"https:\/\/swissecodent.ro\/eng\/wp-json\/wp\/v2\/posts\/4382\/revisions"}],"predecessor-version":[{"id":4386,"href":"https:\/\/swissecodent.ro\/eng\/wp-json\/wp\/v2\/posts\/4382\/revisions\/4386"}],"wp:featuredmedia":[{"embeddable":true,"href":"https:\/\/swissecodent.ro\/eng\/wp-json\/wp\/v2\/media\/4379"}],"wp:attachment":[{"href":"https:\/\/swissecodent.ro\/eng\/wp-json\/wp\/v2\/media?parent=4382"}],"wp:term":[{"taxonomy":"category","embeddable":true,"href":"https:\/\/swissecodent.ro\/eng\/wp-json\/wp\/v2\/categories?post=4382"},{"taxonomy":"post_tag","embeddable":true,"href":"https:\/\/swissecodent.ro\/eng\/wp-json\/wp\/v2\/tags?post=4382"}],"curies":[{"name":"wp","href":"https:\/\/api.w.org\/{rel}","templated":true}]}}